{"id":19783,"date":"2023-09-28T06:44:50","date_gmt":"2023-09-28T06:44:50","guid":{"rendered":"https:\/\/iav-online.de\/?p=19783"},"modified":"2023-11-02T11:09:30","modified_gmt":"2023-11-02T11:09:30","slug":"droht-deutschland-eine-deindustrialisierung","status":"publish","type":"post","link":"https:\/\/iav-online.de\/en\/droht-deutschland-eine-deindustrialisierung\/","title":{"rendered":"Droht Deutschland eine Deindustrialisierung?"},"content":{"rendered":"<h2><strong>Droht Deutschland eine Deindustrialisierung?<\/strong><\/h2>\n<p><strong>Neunter Industrie-Dialog bei Baerlocher in Lingen<\/strong><\/p>\n<p>Osnabr\u00fcck, 28.09.2023.<\/p>\n<p><strong>Lingen. <\/strong>Rund 70 Vertreter aus Wirtschaft und Verwaltung trafen sich bei der Baerlocher GmbH in Lingen, um \u00fcber die Themen Energie und Fachkr\u00e4ftemangel zu diskutieren. Der neunte Industrie-Dialog wurde vom Industriellen Arbeitgeberverband (IAV) und von der Industrie- und Handelskammer Osnabr\u00fcck &#8211; Emsland &#8211; Grafschaft Bentheim (IHK) organisiert. Dabei wurde die Frage aufgeworfen, ob Deutschland eine Deindustrialisierung droht.<\/p>\n<p><img loading=\"lazy\" decoding=\"async\" class=\"alignnone wp-image-19678 size-large\" src=\"https:\/\/iav-online.de\/wp-content\/uploads\/2023\/10\/Bild-1-Presse-Oktober-1024x681.png\" alt=\"Droht Deutschland eine Deindustrialisierung?\" width=\"780\" height=\"519\" srcset=\"https:\/\/iav-online.de\/wp-content\/uploads\/2023\/10\/Bild-1-Presse-Oktober-1024x681.png 1024w, https:\/\/iav-online.de\/wp-content\/uploads\/2023\/10\/Bild-1-Presse-Oktober-300x200.png 300w\" sizes=\"auto, (max-width: 780px) 100vw, 780px\" \/><\/p>\n<p><em>Um die Standortfaktoren Energie und Fachkr\u00e4fte drehte es sich beim neunten Industriedialog.<\/em><\/p>\n<p><em>(v.l.n.r.): Sandra Jansen (Jansen Tore), Sabine St\u00f6hr (IAV), Thomas H\u00fcne (BDI), Moritz B\u00f6cking (IAV-Vorstands-<\/em><br \/>\n<em>mitglied), Hendrik Kampmann (IHK-Vizepr\u00e4sident), Susanne Sch\u00e4fer (NDR), Marco Graf (IHK), Dr. Thomas Doege (Baerlocher) und Leif Frederik Blum (Westenergie).<\/em><\/p>\n<p>\u201eDie Industrie ist in der Region Osnabr\u00fcck &#8211; Emsland &#8211; Grafschaft Bentheim \u00fcberdurchschnittlich gut aufgestellt und liegt mit 37,5 % an der Bruttowertsch\u00f6pfung (2020) \u00fcber Deutschland und Niedersachsen. F\u00fcr die weitere Entwicklung spielen die Energiepreise eine ma\u00dfgebliche Rolle\u201c, hob Hendrik Kampmann, IHK-Vizepr\u00e4sident hervor. \u201eDie hohen Energiepreise sind im internationalen Wettbewerb ein substanzieller Standortnachteil. 28 % der Industrie in unserer Region reagieren mit der Verlagerung von Kapazit\u00e4ten ins Ausland oder planen dies. Die Politik in Berlin muss jetzt schnell liefern\u201c, beschrieb er die Situation f\u00fcr die Industrie und verwies auf die aktuelle IHK-Umfrage zur Energieversorgung. Moritz B\u00f6cking, IAV-Vorstandsmitglied, appellierte zustimmend an die Politik, den B\u00fcrokratieabbau voranzutreiben, Genehmigungsverfahren zu beschleunigen und die effektive Steuerlast f\u00fcr Unternehmen zu reduzieren.<\/p>\n<p>\u201eDas Thema Energie geh\u00f6rt zu unseren aktuellen Herausforderungen\u201c, erl\u00e4uterte Dr. Thomas Doege, Gesch\u00e4ftsf\u00fchrer der Baerlocher GmbH. Dabei h\u00e4tten sich die Energiekosten im Vergleich zu 2021 verdoppelt. Die Produktionsmenge habe sich dabei jedoch reduziert. Kurzweilig gab er neben spannenden Impulsen zum Thema einen Einblick hinter die Kulissen eines weltweiten Herstellers von Additiven f\u00fcr die Kunststoffindustrie. Seit genau 200 Jahren dreht sich bei Baerlocher alles um Chemie. Eine Wissenschaft, ja. Aber auch die Kunst, etwas so zusammenzuf\u00fcgen und zu kombinieren, damit neue Produkte entstehen. Am Standort Lingen werden wichtige Produkte f\u00fcr die Weiterverarbeitung in diversen Industrien (u. a. Bauindustrie) hergestellt und in 2023 wurde hier die Forschung und Entwicklung f\u00fcr Spezial-Additive u. a. mit einem neuen Labor zukunftsweisend fokussiert.<\/p>\n<p><img loading=\"lazy\" decoding=\"async\" class=\"alignnone wp-image-19680 size-large\" src=\"https:\/\/iav-online.de\/wp-content\/uploads\/2023\/10\/Bild-2-Presse-Oktober-1024x681.png\" alt=\"Droht Deutschland eine Deindustrialisierung?\" width=\"780\" height=\"519\" srcset=\"https:\/\/iav-online.de\/wp-content\/uploads\/2023\/10\/Bild-2-Presse-Oktober-1024x681.png 1024w, https:\/\/iav-online.de\/wp-content\/uploads\/2023\/10\/Bild-2-Presse-Oktober-300x200.png 300w\" sizes=\"auto, (max-width: 780px) 100vw, 780px\" \/><\/p>\n<p><em>Droht Deutschland eine Deindustrialisierung? Dieser Frage gingen die G\u00e4ste bei Baerlocher nach.<\/em><br \/>\n<em>(v.l.n.r.: Susanne Sch\u00e4fer (NDR), Dr. Thomas Doege (Baerlocher), Thomas H\u00fcne (BDI), Sandra Jansen<\/em><br \/>\n<em>(Jansen Tore) und Leif Frederik Blum (Westenergie).<\/em><\/p>\n<p>Doch droht mit den hohen Energiepreisen und auch dem Fachkr\u00e4ftemangel nun eine Deindustrialisierung in Deutschland? Diesen Aspekten ging Thomas H\u00fcne, Referent Research, vom Bundesverband der Deutschen Industrie (BDI) auf den Grund. \u201eDer Produktionsr\u00fcckgang von M\u00e4rz 2022 bis Juli 2023 im Vergleich zum Vorkriegsniveau im Verarbeitenden Gewerbe lag bei insgesamt -1,2 %. Bei den energieintensiven Betrieben sogar -10,9 %\u201c, f\u00fchrte er aus. Die energieintensiven Branchen st\u00fcnden enorm unter Druck. Die R\u00fcckkehr zu Energiepreisniveaus aus dem letzten Jahrzehnt schloss er faktisch aus. \u201eEine generelle Deindustrialisierung droht nicht, eher ein Strukturwandel. Die Industrie braucht ein plausibles Konzept f\u00fcr das Energiesystem der Zukunft. Die langfristige Gew\u00e4hrleistung einer sicheren und wettbewerbsf\u00e4higen Energieversorgung muss eine prominente Rolle in der Transformationsdebatte einnehmen\u201c, erl\u00e4uterte H\u00fcne.<\/p>\n<p>In einer anschlie\u00dfenden Diskussion tauschten sich die G\u00e4ste intensiv mit den Impulsgebern sowie Leif Frederik Blum (Westenergie AG) und Sandra Jansen (Jansen Tore GmbH &amp; Co. KG) aus.<br \/>\nNebenbei wurde auch ein Jubil\u00e4um gefeiert: Die Kampagne \u201eIndustrie ist Zukunft\u201c, zu der der Industrie-Dialog geh\u00f6rt, kann auf eine 10-j\u00e4hrige Erfolgsgeschichte zur\u00fcckblicken. Seit 2013 betonen der IAV und die IHK die bedeutende Rolle der Industrie f\u00fcr den Wohlstand der Region Osnabr\u00fcck -Emsland &#8211; Grafschaft Bentheim. Mit dieser gemeinsamen Kampagne unterst\u00fctzen die beiden Initiatoren die Unternehmen dabei, die Herausforderungen am Standort zu bew\u00e4ltigen. Die Veranstalter sind sich einig: \u201eWir sind ein starker Industriestandort in der Region und wollen es auch in Zukunft bleiben.\u201c<\/p>\n","protected":false},"excerpt":{"rendered":"<p>Rund 70 Vertreter aus Wirtschaft und Verwaltung trafen sich bei der Baerlocher GmbH in Lingen, um \u00fcber die Themen Energie und Fachkr\u00e4ftemangel zu diskutieren. Der neunte Industrie-Dialog wurde vom Industriellen Arbeitgeberverband (IAV) und von der Industrie- und Handelskammer Osnabr\u00fcck &#8211; Emsland &#8211; Grafschaft Bentheim (IHK) organisiert.<\/p>\n","protected":false},"author":4,"featured_media":0,"comment_status":"closed","ping_status":"closed","sticky":false,"template":"","format":"standard","meta":{"footnotes":""},"categories":[1],"tags":[],"class_list":["post-19783","post","type-post","status-publish","format-standard","hentry","category-unkategorisiert"],"_links":{"self":[{"href":"https:\/\/iav-online.de\/en\/wp-json\/wp\/v2\/posts\/19783","targetHints":{"allow":["GET"]}}],"collection":[{"href":"https:\/\/iav-online.de\/en\/wp-json\/wp\/v2\/posts"}],"about":[{"href":"https:\/\/iav-online.de\/en\/wp-json\/wp\/v2\/types\/post"}],"author":[{"embeddable":true,"href":"https:\/\/iav-online.de\/en\/wp-json\/wp\/v2\/users\/4"}],"replies":[{"embeddable":true,"href":"https:\/\/iav-online.de\/en\/wp-json\/wp\/v2\/comments?post=19783"}],"version-history":[{"count":1,"href":"https:\/\/iav-online.de\/en\/wp-json\/wp\/v2\/posts\/19783\/revisions"}],"predecessor-version":[{"id":19784,"href":"https:\/\/iav-online.de\/en\/wp-json\/wp\/v2\/posts\/19783\/revisions\/19784"}],"wp:attachment":[{"href":"https:\/\/iav-online.de\/en\/wp-json\/wp\/v2\/media?parent=19783"}],"wp:term":[{"taxonomy":"category","embeddable":true,"href":"https:\/\/iav-online.de\/en\/wp-json\/wp\/v2\/categories?post=19783"},{"taxonomy":"post_tag","embeddable":true,"href":"https:\/\/iav-online.de\/en\/wp-json\/wp\/v2\/tags?post=19783"}],"curies":[{"name":"wp","href":"https:\/\/api.w.org\/{rel}","templated":true}]}}