{"id":20135,"date":"2023-11-22T13:14:22","date_gmt":"2023-11-22T13:14:22","guid":{"rendered":"https:\/\/iav-online.de\/?p=20135"},"modified":"2023-12-18T08:32:21","modified_gmt":"2023-12-18T08:32:21","slug":"personalleiter-austausch-emsland-feiert-jubilaeum","status":"publish","type":"post","link":"https:\/\/iav-online.de\/en\/personalleiter-austausch-emsland-feiert-jubilaeum\/","title":{"rendered":"Personalleiter-Austausch-Emsland feiert Jubil\u00e4um"},"content":{"rendered":"<h1><strong>Personalleiter-Austausch-Emsland feiert Jubil\u00e4um<\/strong><\/h1>\n<p>22.11.2023<\/p>\n<p><strong>Meppen<\/strong>. F\u00fcnf Jahre Personalleiter-Austausch Emsland \u2013 in jedem Fall ein Grund zum Feiern! Denn die Austausch-Plattform hat sich als festes und erfolgreiches Netzwerk-Format etabliert. Der Personalleiter-Austausch-Emsland bietet Personalverantwortlichen zweimal j\u00e4hrlich die Gelegenheit, sich \u00fcber aktuelle Regelungen sowie Neuerungen aus ihren Bereichen zu informieren und sich mit Kolleginnen und Kollegen aus anderen Betrieben auszutauschen. Seit Oktober 2018 organisieren der Wirtschaftsverband Emsland e.V. und der Industrielle Arbeitgeberverband Osnabr\u00fcck &#8211; Emsland &#8211; Grafschaft Bentheim e. V. (IAV) das Event und blicken nun gemeinsam mit den Teilnehmenden auf die vergangenen f\u00fcnf Jahre zur\u00fcck.<\/p>\n<h3><img loading=\"lazy\" decoding=\"async\" class=\"alignnone wp-image-20002 size-large\" src=\"https:\/\/iav-online.de\/wp-content\/uploads\/2023\/12\/PL-Austausch-EL-1-1024x768.jpg\" alt=\"Personalleiter-Austausch-Emsland feiert Jubil\u00e4um\" width=\"780\" height=\"585\" srcset=\"https:\/\/iav-online.de\/wp-content\/uploads\/2023\/12\/PL-Austausch-EL-1-1024x768.jpg 1024w, https:\/\/iav-online.de\/wp-content\/uploads\/2023\/12\/PL-Austausch-EL-1-300x225.jpg 300w, https:\/\/iav-online.de\/wp-content\/uploads\/2023\/12\/PL-Austausch-EL-1.jpg 1256w\" sizes=\"auto, (max-width: 780px) 100vw, 780px\" \/><\/h3>\n<p><em>45 Personalverantwortliche trafen sich beim zehnten Personalleiter-Austausch-Emsland.<\/em><\/p>\n<h3>Viele Fragen und noch mehr Antworten rund ums Personalmanagement<\/h3>\n<p>Neben arbeitsrechtlichen Themen, New Work, Diversity und Personalentwicklung 4.0 stehen die allt\u00e4glichen Herausforderungen der Personalverantwortlichen im Mittelpunkt der Veranstaltungen. An jeden Impuls schlie\u00dft sich die M\u00f6glichkeit an, Fragen aus dem eigenen Berufsalltag zu stellen. \u201eDer Personalbereich unterliegt einem st\u00e4ndigen Wandel\u201c, wei\u00df Jasmin Markhof, Hauptgesch\u00e4ftsf\u00fchrerin des IAV. \u201eDemografische Ver\u00e4nderungen, Fachkr\u00e4ftemangel und der Einsatz von K\u00fcnstlicher Intelligenz beeinflussen unsere Arbeitsweise und werden unser Verst\u00e4ndnis von Arbeit ver\u00e4ndern. Das stellt uns vor Herausforderungen, schafft gleichzeitig aber viele M\u00f6glichkeiten f\u00fcr die Personalentwicklung.\u201c<\/p>\n<p>Rabea Stelmaszewski, Verbandsjuristin beim IAV, gab beim Jubil\u00e4ums-Treffen einen \u00dcberblick \u00fcber Sonderzuwendungen im Arbeitsrecht. Dabei handelt es sich \u2013 kurz gesagt \u2013 um Leistungen, die der Arbeitgeber seinen Besch\u00e4ftigten aus einem bestimmten Anlass zus\u00e4tzlich zum laufenden Arbeitsentgelt gew\u00e4hrt. Beispiele hierf\u00fcr sind Gratifikationen, ein 13. Monatsgehalt, Jubil\u00e4umszahlungen oder Weihnachts- und Urlaubsgeld. Au\u00dferdem kam Rabea Stelmaszewski auf m\u00f6gliche Anspruchsgrundlagen f\u00fcr Sonderzuwendungen und deren rechtlichen\u00a0 Voraussetzungen zu sprechen.<\/p>\n<p><img loading=\"lazy\" decoding=\"async\" class=\"alignnone wp-image-20004 size-large\" src=\"https:\/\/iav-online.de\/wp-content\/uploads\/2023\/12\/PL-Austausch-EL-2-e1701707443383-767x1024.jpg\" alt=\"Personalleiter-Austausch-Emsland feiert Jubil\u00e4um\" width=\"767\" height=\"1024\" srcset=\"https:\/\/iav-online.de\/wp-content\/uploads\/2023\/12\/PL-Austausch-EL-2-e1701707443383-767x1024.jpg 767w, https:\/\/iav-online.de\/wp-content\/uploads\/2023\/12\/PL-Austausch-EL-2-e1701707443383-225x300.jpg 225w, https:\/\/iav-online.de\/wp-content\/uploads\/2023\/12\/PL-Austausch-EL-2-e1701707443383-768x1026.jpg 768w, https:\/\/iav-online.de\/wp-content\/uploads\/2023\/12\/PL-Austausch-EL-2-e1701707443383-1150x1536.jpg 1150w, https:\/\/iav-online.de\/wp-content\/uploads\/2023\/12\/PL-Austausch-EL-2-e1701707443383-450x600.jpg 450w, https:\/\/iav-online.de\/wp-content\/uploads\/2023\/12\/PL-Austausch-EL-2-e1701707443383-1024x1368.jpg 1024w, https:\/\/iav-online.de\/wp-content\/uploads\/2023\/12\/PL-Austausch-EL-2-e1701707443383.jpg 1255w\" sizes=\"auto, (max-width: 767px) 100vw, 767px\" \/><\/p>\n<p><em>Den Anschnitt der Jubil\u00e4umstorte teilten sich Jasmin Markhof (IAV) und Michaela Wittpoth (Wirtschaftsverband Emsland).<\/em><\/p>\n<h3>Der Mensch als Erfolgsfaktor im Unternehmen<\/h3>\n<p>Der elementare Produktionsfaktor Mensch, also die menschliche k\u00f6rperliche und geistige Arbeit, ist f\u00fcr den Unternehmenserfolg von zentraler Bedeutung. Mitarbeitende, ihre Bed\u00fcrfnisse, F\u00e4higkeiten und Potenziale in den Blick zu nehmen und gezielt zu f\u00f6rdern, zahlt sich also aus. \u201eUnd genau hier setzt das nachhaltige Personalmanagement als Teil der sozialen Nachhaltigkeit eines Betriebs an\u201c,\u00a0betont Michaela Wittpoth, Nachhaltigkeitsberaterin beim Wirtschaftsverband Emsland. \u201eZiel ist es, innovative L\u00f6sungen zu erarbeiten und umzusetzen, die das Wohlergehen und die Leistungsf\u00e4higkeit der Mitarbeitenden langfristig st\u00e4rken.\u201c Denn die Belegschaft tr\u00e4gt einen Gro\u00dfteil zum Unternehmenserfolg bei.<\/p>\n<p>Fachlich kompetente, motivierte und produktive Mitarbeitende stellen somit eine der wichtigsten Ressourcen der Wirtschaft dar. Die Mitarbeitergewinnung, -bindung und -f\u00f6rderung sind damit zentrale Aufgabenbereiche eines nachhaltigen Personalmanagements. Zudem sind Ma\u00dfnahmen rund um die physische sowie psychische Gesundheit am Arbeitsplatz, die Nachwuchsgewinnung und Karriereplanung sowie eine familienfreundliche und wertsch\u00e4tzende Unternehmenskultur Teil eines nachhaltigen Personalwesens und damit der sozialen Nachhaltigkeit.<\/p>\n<p>Ilka Krane, Gesch\u00e4ftsf\u00fchrerin von vereinbar e. V., stellte die eigens entwickelte und zum ersten Mal 2023 stattgefundene Schulung zum Betrieblichen Vereinbarkeitslotsen vor. Betriebliche Vereinbarkeitslotsen sind interne Kontaktpersonen, die Mitarbeitende zu den Themen Pflege, Elternschaft und Vereinbarkeit beraten. F\u00fcr die zweite Schulung im Fr\u00fchjahr 2024 k\u00f6nnen sich Interessierte bereits anmelden.<\/p>\n<h3>Frauen mit Migrationshintergrund starten durch<\/h3>\n<p>Mit dem Projekt \u201eMY TURN\u201c helfen die Volkshochschulen Meppen und Papenburg Frauen mit Migrationshintergrund, ihre Kompetenzen zu st\u00e4rken, neues Wissen zu erlangen und Lebensziele sowie berufliche Pl\u00e4ne umzusetzen. Anne Sonntag da Cruz stellte das Projekt samt Beratungsangeboten, Workshops und Veranstaltungen vor und stand den Teilenehmenden anschlie\u00dfend f\u00fcr Fragen zur Verf\u00fcgung.<\/p>\n<p>Anl\u00e4sslich des 5-j\u00e4hrigen Jubil\u00e4ums konnten sich die Personalverantwortlichen jedoch nicht nur von spannenden Inputs zu vielf\u00e4ltigen Themen und Projekten inspirieren lassen, sondern auch das festliche Fr\u00fchst\u00fccksbuffet mit dreist\u00f6ckiger Geburtstagstorte genie\u00dfen.<\/p>\n","protected":false},"excerpt":{"rendered":"<p>Seit Oktober 2018 organisieren der Wirtschaftsverband Emsland e.V. und der IAV den Personalleiter-Austausch-Emsland und blicken nun gemeinsam mit den Teilnehmenden auf die vergangenen f\u00fcnf Jahre zur\u00fcck.<\/p>\n","protected":false},"author":4,"featured_media":0,"comment_status":"closed","ping_status":"closed","sticky":false,"template":"","format":"standard","meta":{"footnotes":""},"categories":[1],"tags":[],"class_list":["post-20135","post","type-post","status-publish","format-standard","hentry","category-unkategorisiert"],"_links":{"self":[{"href":"https:\/\/iav-online.de\/en\/wp-json\/wp\/v2\/posts\/20135","targetHints":{"allow":["GET"]}}],"collection":[{"href":"https:\/\/iav-online.de\/en\/wp-json\/wp\/v2\/posts"}],"about":[{"href":"https:\/\/iav-online.de\/en\/wp-json\/wp\/v2\/types\/post"}],"author":[{"embeddable":true,"href":"https:\/\/iav-online.de\/en\/wp-json\/wp\/v2\/users\/4"}],"replies":[{"embeddable":true,"href":"https:\/\/iav-online.de\/en\/wp-json\/wp\/v2\/comments?post=20135"}],"version-history":[{"count":2,"href":"https:\/\/iav-online.de\/en\/wp-json\/wp\/v2\/posts\/20135\/revisions"}],"predecessor-version":[{"id":20140,"href":"https:\/\/iav-online.de\/en\/wp-json\/wp\/v2\/posts\/20135\/revisions\/20140"}],"wp:attachment":[{"href":"https:\/\/iav-online.de\/en\/wp-json\/wp\/v2\/media?parent=20135"}],"wp:term":[{"taxonomy":"category","embeddable":true,"href":"https:\/\/iav-online.de\/en\/wp-json\/wp\/v2\/categories?post=20135"},{"taxonomy":"post_tag","embeddable":true,"href":"https:\/\/iav-online.de\/en\/wp-json\/wp\/v2\/tags?post=20135"}],"curies":[{"name":"wp","href":"https:\/\/api.w.org\/{rel}","templated":true}]}}