{"id":21468,"date":"2024-03-06T14:59:18","date_gmt":"2024-03-06T14:59:18","guid":{"rendered":"https:\/\/iav-online.de\/?p=21468"},"modified":"2024-07-17T11:49:32","modified_gmt":"2024-07-17T11:49:32","slug":"digitale-transformation-in-regionaler-wirtschaft","status":"publish","type":"post","link":"https:\/\/iav-online.de\/en\/digitale-transformation-in-regionaler-wirtschaft\/","title":{"rendered":"Digitale Transformation in regionaler Wirtschaft"},"content":{"rendered":"<h2><strong>Digitale Transformation in regionaler Wirtschaft<\/strong><\/h2>\n<p>06.03.2024<\/p>\n<p>Austausch Schule-Wirtschaft im Nordkreis Osnabr\u00fcck zu Gast bei Delkeskamp<\/p>\n<p>Wie l\u00e4uft die Produktion bei einem mittelst\u00e4ndischen Verpackungshersteller ab? Wie lassen sich Gesch\u00e4ftsprozesse durch den Einsatz von Automatisierung und Digitalisierung optimieren? Und was geh\u00f6rt eigentlich zum Berufsbild eines Packmitteltechnologen? All das steht beim Austausch Schule-Wirtschaft am<\/p>\n<p style=\"text-align: center;\"><strong>Dienstag, den 23.04.2024, 15.00 Uhr<br \/>\n<\/strong><strong>bei der Delkeskamp Verpackungswerke GmbH, Hauptstra\u00dfe 15, Nortrup<\/strong><\/p>\n<p>auf dem Programm. Nachwuchs gewinnen und Fachkr\u00e4fte sichern sind wichtige Dauerthemen f\u00fcr Unternehmen. Die Vernetzung von Schule und Wirtschaft und die Berufsorientierung von Jugendlichen sind daf\u00fcr ein wichtiges Instrument. Seit vielen Jahren bietet der Industrielle Arbeitgeberverband Osnabr\u00fcck &#8211; Emsland &#8211; Grafschaft Bentheim e.V. (IAV) im Rahmen von \u201eSchule-Wirtschaft\u201c Betriebserkundungen an, die eine tolle Gelegenheit bieten, um Vertretern aus den Bereichen Schule und Wirtschaft Live-Einblicke in regionale Betriebe zu erm\u00f6glichen und den Dialog untereinander zu f\u00f6rdern. Der Austausch Schule-Wirtschaft steht interessierten Lehrkr\u00e4ften aller Fachrichtungen und Schulformen, Unternehmensvertretern sowie Vertretern aus Verwaltung und Politik offen. Die Diskussion \u00fcber \u00f6konomische Fragestellungen, das Kennenlernen von Produktionsabl\u00e4ufen und Infos zu verschiedenen Berufsbildern liefern nicht nur aktuelle Beispiele f\u00fcr den Unterricht, sondern f\u00f6rdern auch das Verst\u00e4ndnis untereinander und bieten M\u00f6glichkeiten zu konstruktivem Austausch und Vernetzung.<\/p>\n<p>Interessierte k\u00f6nnen sich bis zum <strong>17.04.2024<\/strong> bei Verena Gerve, <a href=\"mailto:gerve@iav-online.de\">gerve@iav-online.de<\/a>, anmelden.<\/p>\n","protected":false},"excerpt":{"rendered":"<p>Austausch Schule-Wirtschaft im Nordkreis Osnabr\u00fcck am 23.04.2024, 15:00 Uhr, zu Gast bei Delkeskamp.<\/p>\n","protected":false},"author":4,"featured_media":0,"comment_status":"closed","ping_status":"closed","sticky":false,"template":"","format":"standard","meta":{"footnotes":""},"categories":[1],"tags":[],"class_list":["post-21468","post","type-post","status-publish","format-standard","hentry","category-unkategorisiert"],"_links":{"self":[{"href":"https:\/\/iav-online.de\/en\/wp-json\/wp\/v2\/posts\/21468","targetHints":{"allow":["GET"]}}],"collection":[{"href":"https:\/\/iav-online.de\/en\/wp-json\/wp\/v2\/posts"}],"about":[{"href":"https:\/\/iav-online.de\/en\/wp-json\/wp\/v2\/types\/post"}],"author":[{"embeddable":true,"href":"https:\/\/iav-online.de\/en\/wp-json\/wp\/v2\/users\/4"}],"replies":[{"embeddable":true,"href":"https:\/\/iav-online.de\/en\/wp-json\/wp\/v2\/comments?post=21468"}],"version-history":[{"count":1,"href":"https:\/\/iav-online.de\/en\/wp-json\/wp\/v2\/posts\/21468\/revisions"}],"predecessor-version":[{"id":21469,"href":"https:\/\/iav-online.de\/en\/wp-json\/wp\/v2\/posts\/21468\/revisions\/21469"}],"wp:attachment":[{"href":"https:\/\/iav-online.de\/en\/wp-json\/wp\/v2\/media?parent=21468"}],"wp:term":[{"taxonomy":"category","embeddable":true,"href":"https:\/\/iav-online.de\/en\/wp-json\/wp\/v2\/categories?post=21468"},{"taxonomy":"post_tag","embeddable":true,"href":"https:\/\/iav-online.de\/en\/wp-json\/wp\/v2\/tags?post=21468"}],"curies":[{"name":"wp","href":"https:\/\/api.w.org\/{rel}","templated":true}]}}