{"id":22270,"date":"2024-11-21T08:08:39","date_gmt":"2024-11-21T08:08:39","guid":{"rendered":"https:\/\/iav-online.de\/?p=22270"},"modified":"2024-12-03T08:16:55","modified_gmt":"2024-12-03T08:16:55","slug":"kuenstliche-intelligenz-in-der-arbeitswelt","status":"publish","type":"post","link":"https:\/\/iav-online.de\/en\/kuenstliche-intelligenz-in-der-arbeitswelt\/","title":{"rendered":"K\u00fcnstliche Intelligenz in der Arbeitswelt"},"content":{"rendered":"<h2>Welche Potenziale, Herausforderungen und L\u00f6sungen bietet KI in der Arbeitswelt?<\/h2>\n<p>Spannende Einblicke bei unserem diesj\u00e4hrigen Zukunftsforum Arbeitswelt: Prof. Dr. Marco Barenkamp, stellv. Aufsichtsratsvorsitzender der LMIS AG, erl\u00e4uterte, inwiefern der Einsatz von KI mittlerweile nicht mehr nur eine Chance f\u00fcr Unternehmen darstelle, sondern notwendiger Wettbewerbsfaktor sei. Zum Beispiel k\u00f6nne KI in Form von Prognosemodellen in Einkaufsprozessen unterst\u00fctzen, bei der Erstellung von Nachhaltigkeitsberichten, im generativen Design von Bauteilen, aber auch in vielen kleinen allt\u00e4glichen Dingen, wie automatisierter Notizen- oder Belegverarbeitung oder als Sprachassistent. Wichtig sei es dabei, sich weniger auf die Modelle und Daten als solches zu konzentrieren, als auf den Menschen und die Prozesse. \u201eDie Zukunft geh\u00f6rt nicht der K\u00fcnstlichen Intelligenz \u2013 sondern den Menschen, die sie nutzen\u201c, betonte er. Faktoren, die dabei immer st\u00e4rker an Bedeutung gewinnen:<\/p>\n<ul>\n<li>Lebenslanges Lernen<\/li>\n<li>Ma\u00dfnahmen zur F\u00f6rderung der Unternehmenskultur<\/li>\n<\/ul>\n<p><img loading=\"lazy\" decoding=\"async\" class=\"alignnone wp-image-22265 size-large\" src=\"https:\/\/iav-online.de\/wp-content\/uploads\/2024\/11\/DSC_7232-1024x683.jpg\" alt=\"K\u00fcnstliche Intelligenz in der Arbeitswelt\" width=\"780\" height=\"520\" srcset=\"https:\/\/iav-online.de\/wp-content\/uploads\/2024\/11\/DSC_7232-1024x683.jpg 1024w, https:\/\/iav-online.de\/wp-content\/uploads\/2024\/11\/DSC_7232-300x200.jpg 300w\" sizes=\"auto, (max-width: 780px) 100vw, 780px\" \/><\/p>\n<p><em>Bei unserem diesj\u00e4hrigen Zukunftsforum Arbeitswelt gab es vielf\u00e4ltige Einblicke auf das Thema KI in der Arbeitswelt (v.l.: Michel Heck, Prof. Dr. Felix Osterheider, Jasmin Markhof, Prof. Dr. Marco Barenkamp, Stefan Georg, Sebastian Witt).<\/em><\/p>\n<p>Verbandsjurist Stefan Georg kl\u00e4rte \u00fcber Rechtsrahmen und Rechtsfragen rund um KI aus arbeitsrechtlicher Sicht auf. Vielen Dank auch an Michel Heck von Hellmann Worldwide Logistics SE &amp; Co. KG und Sebastian Witt von der ZF Automotive Germany GmbH, die in Form von Best Practices deutlich machten, inwieweit KI bereits in der Wirtschaft zum Einsatz kommt und wo Chancen und Fallstricke liegen. Interessante Ans\u00e4tze gibt es hier z.B. im Bereich Customer Journey oder intelligenter Fabriken.<\/p>\n<p>\u201eIn vielen Branchen gibt es einen Mangel an qualifizierten Fachkr\u00e4ften. KI kann dazu beitragen, diesen Mangel zu kompensieren, indem sie bestimmte Aufgaben \u00fcbernimmt, die ansonsten von menschlichen Arbeitskr\u00e4ften zu erledigen w\u00e4ren, die allerdings nicht da sind&#8221;, fasste IAV-Hauptgesch\u00e4ftsf\u00fchrerin Jasmin Markhof zusammen.<\/p>\n<p>Vielen Dank an alle Beteiligten f\u00fcr die interessanten Einblicke!<\/p>\n","protected":false},"excerpt":{"rendered":"<p>Bei unserem diesj\u00e4hrigen Zukunftsforum Arbeitswelt besch\u00e4ftigten wir uns damit, inwiefern der Einsatz von KI mittlerweile nicht mehr nur eine Chance f\u00fcr Unternehmen, sondern einen notwendigen Wettbewerbsfaktor darstellt. <\/p>\n","protected":false},"author":4,"featured_media":0,"comment_status":"closed","ping_status":"closed","sticky":false,"template":"","format":"standard","meta":{"footnotes":""},"categories":[1],"tags":[],"class_list":["post-22270","post","type-post","status-publish","format-standard","hentry","category-unkategorisiert"],"_links":{"self":[{"href":"https:\/\/iav-online.de\/en\/wp-json\/wp\/v2\/posts\/22270","targetHints":{"allow":["GET"]}}],"collection":[{"href":"https:\/\/iav-online.de\/en\/wp-json\/wp\/v2\/posts"}],"about":[{"href":"https:\/\/iav-online.de\/en\/wp-json\/wp\/v2\/types\/post"}],"author":[{"embeddable":true,"href":"https:\/\/iav-online.de\/en\/wp-json\/wp\/v2\/users\/4"}],"replies":[{"embeddable":true,"href":"https:\/\/iav-online.de\/en\/wp-json\/wp\/v2\/comments?post=22270"}],"version-history":[{"count":1,"href":"https:\/\/iav-online.de\/en\/wp-json\/wp\/v2\/posts\/22270\/revisions"}],"predecessor-version":[{"id":22271,"href":"https:\/\/iav-online.de\/en\/wp-json\/wp\/v2\/posts\/22270\/revisions\/22271"}],"wp:attachment":[{"href":"https:\/\/iav-online.de\/en\/wp-json\/wp\/v2\/media?parent=22270"}],"wp:term":[{"taxonomy":"category","embeddable":true,"href":"https:\/\/iav-online.de\/en\/wp-json\/wp\/v2\/categories?post=22270"},{"taxonomy":"post_tag","embeddable":true,"href":"https:\/\/iav-online.de\/en\/wp-json\/wp\/v2\/tags?post=22270"}],"curies":[{"name":"wp","href":"https:\/\/api.w.org\/{rel}","templated":true}]}}