{"id":22326,"date":"2024-11-27T12:38:58","date_gmt":"2024-11-27T12:38:58","guid":{"rendered":"https:\/\/iav-online.de\/?p=22326"},"modified":"2024-12-11T12:46:42","modified_gmt":"2024-12-11T12:46:42","slug":"spaetschicht-industrie-einblicke-in-die-innovative-welt-der-ringoplast-gmbh","status":"publish","type":"post","link":"https:\/\/iav-online.de\/en\/spaetschicht-industrie-einblicke-in-die-innovative-welt-der-ringoplast-gmbh\/","title":{"rendered":"\u201eSp\u00e4tschicht: Industrie!\u201c \u2013 Einblicke in die innovative Welt der Ringoplast GmbH"},"content":{"rendered":"<p><strong>\u201eSp\u00e4tschicht: Industrie!\u201c \u2013 Einblicke in die innovative Welt der Ringoplast GmbH<\/strong><\/p>\n<p><strong>Ringe. <\/strong>Um Ressourcen- und Energieeffizienz drehte es sich bei der zweiten \u201eSp\u00e4tschicht: Industrie!\u201c, die vom Industriellen Arbeitgeberverband (IAV) und der Industrie- und Handelskammer Osnabr\u00fcck &#8211; Emsland &#8211; Grafschaft Bentheim veranstaltet wird. Vertreter aus Wirtschaft und Politik hatten die Gelegenheit, die kunststoffverarbeitende Ringoplast GmbH in Ringe zu erkunden, die j\u00e4hrlich \u00fcber 10 Millionen Kunststoffbeh\u00e4lter produziert.<\/p>\n<p><img loading=\"lazy\" decoding=\"async\" class=\"alignnone wp-image-22321 size-large\" src=\"https:\/\/iav-online.de\/wp-content\/uploads\/2024\/12\/Spaetschicht1b-1024x649.jpg\" alt=\"\u201eSp\u00e4tschicht: Industrie!\u201c \u2013 Einblicke in die innovative Welt der Ringoplast GmbH\" width=\"780\" height=\"494\" srcset=\"https:\/\/iav-online.de\/wp-content\/uploads\/2024\/12\/Spaetschicht1b-1024x649.jpg 1024w, https:\/\/iav-online.de\/wp-content\/uploads\/2024\/12\/Spaetschicht1b-300x190.jpg 300w\" sizes=\"auto, (max-width: 780px) 100vw, 780px\" \/><\/p>\n<p><em>Die zweite \u201eSp\u00e4tschicht: Industrie!\u201c von IAV und IHK f\u00fchrte Vertreter aus Wirtschaft und Politik zur Ringoplast GmbH.<\/em><\/p>\n<p>Die Gesch\u00e4ftsf\u00fchrer des Grafschafter Unternehmens, Klaas und Hendrik Johannink, f\u00fchrten die G\u00e4ste durch die Produktionsst\u00e4tten und gew\u00e4hrten Einblicke in die Herstellung von Produkten wie Transportboxen, Blumenzwiebelk\u00e4sten und G\u00e4rk\u00f6rben. Einen besonderen Fokus legt das Unternehmen auf den effizienten Einsatz von Ressourcen und Energie. So verwendet Ringoplast bereits 40 % Recycling-Materialien in seiner Produktion. Produktionsprozesse wurden mit verschiedenen Ma\u00dfnahmen optimiert: Durch die Nutzung der Abw\u00e4rme f\u00fcr die Beheizung der B\u00fcrogeb\u00e4ude oder durch effiziente Pumpen und Antriebe spart Ringoplast Energie. Verschiedene Ma\u00dfnahmen erzielten zwischen 2015 und 2022 eine relative Stromeinsparung von 21,7 %. Dennoch \u00e4u\u00dferten die beiden Gesch\u00e4ftsf\u00fchrer Sorgen hinsichtlich aktueller Herausforderungen: Trotz stabiler Strompreise seien die Netzentgelte nach wie vor eine gro\u00dfe Belastung. Zudem erweise sich die B\u00fcrokratie als \u00fcberbordend und zeitaufwendig. Genehmigungsverfahren dauerten oft zu lange und erschwerten damit die Planungssicherheit.<\/p>\n<p><img loading=\"lazy\" decoding=\"async\" class=\"alignnone wp-image-22323 size-large\" src=\"https:\/\/iav-online.de\/wp-content\/uploads\/2024\/12\/Spaetschicht2b-1024x683.jpg\" alt=\"\u201eSp\u00e4tschicht: Industrie!\u201c \u2013 Einblicke in die innovative Welt der Ringoplast GmbH\" width=\"780\" height=\"520\" srcset=\"https:\/\/iav-online.de\/wp-content\/uploads\/2024\/12\/Spaetschicht2b-1024x683.jpg 1024w, https:\/\/iav-online.de\/wp-content\/uploads\/2024\/12\/Spaetschicht2b-300x200.jpg 300w\" sizes=\"auto, (max-width: 780px) 100vw, 780px\" \/><\/p>\n<p><em>Die beiden Gesch\u00e4ftsf\u00fchrer Klaas und Hendrik Johannink gaben neben wertvollen Informationen zur Ressourceneffizienz einen Einblick in die Produktion von Stapelboxen.<\/em><\/p>\n<p>\u201eDie Rahmenbedingungen m\u00fcssen so gestaltet werden, dass die Industrie am Standort Deutschland zukunftsf\u00e4hig bleiben kann\u201c, betont IAV-Gesch\u00e4ftsf\u00fchrerin Sabine St\u00f6hr beim gemeinsamen Austausch. \u201eDie Industrie steht am Beginn vieler Wertsch\u00f6pfungsketten. Sie schafft Arbeitspl\u00e4tze und treibt Innovationen voran. Damit Industrie wettbewerbsf\u00e4hig bleibt, braucht es stabile Rahmenbedingen f\u00fcr Investitionen in unserer Region und Entlastungen, vor allen bei den Netzentgelten\u201c, fordert IHK-Gesch\u00e4ftsbereichsleiterin Anke Schweda.<\/p>\n<p>Die \u201eSp\u00e4tschicht\u201c ist Teil der gemeinsamen Kampagne \u201eIndustrie ist Zukunft\u201c, mit der die beiden Institutionen seit 2013 die wichtige Rolle der Industrie f\u00fcr den Wohlstand des Wirtschaftsraums in der Region verdeutlichen.<\/p>\n","protected":false},"excerpt":{"rendered":"<p>Zu Gast bei der Ringoplast GmbH in Ringe drehte sich bei der \u201eSp\u00e4tschicht: Industrie!\u201c von IAV und IHK alles um das Thema Ressourcen- und Energieeffizienz.<\/p>\n","protected":false},"author":4,"featured_media":0,"comment_status":"closed","ping_status":"closed","sticky":false,"template":"","format":"standard","meta":{"footnotes":""},"categories":[1],"tags":[],"class_list":["post-22326","post","type-post","status-publish","format-standard","hentry","category-unkategorisiert"],"_links":{"self":[{"href":"https:\/\/iav-online.de\/en\/wp-json\/wp\/v2\/posts\/22326","targetHints":{"allow":["GET"]}}],"collection":[{"href":"https:\/\/iav-online.de\/en\/wp-json\/wp\/v2\/posts"}],"about":[{"href":"https:\/\/iav-online.de\/en\/wp-json\/wp\/v2\/types\/post"}],"author":[{"embeddable":true,"href":"https:\/\/iav-online.de\/en\/wp-json\/wp\/v2\/users\/4"}],"replies":[{"embeddable":true,"href":"https:\/\/iav-online.de\/en\/wp-json\/wp\/v2\/comments?post=22326"}],"version-history":[{"count":1,"href":"https:\/\/iav-online.de\/en\/wp-json\/wp\/v2\/posts\/22326\/revisions"}],"predecessor-version":[{"id":22327,"href":"https:\/\/iav-online.de\/en\/wp-json\/wp\/v2\/posts\/22326\/revisions\/22327"}],"wp:attachment":[{"href":"https:\/\/iav-online.de\/en\/wp-json\/wp\/v2\/media?parent=22326"}],"wp:term":[{"taxonomy":"category","embeddable":true,"href":"https:\/\/iav-online.de\/en\/wp-json\/wp\/v2\/categories?post=22326"},{"taxonomy":"post_tag","embeddable":true,"href":"https:\/\/iav-online.de\/en\/wp-json\/wp\/v2\/tags?post=22326"}],"curies":[{"name":"wp","href":"https:\/\/api.w.org\/{rel}","templated":true}]}}