{"id":23358,"date":"2025-04-10T06:44:54","date_gmt":"2025-04-10T06:44:54","guid":{"rendered":"https:\/\/iav-online.de\/?p=23358"},"modified":"2025-04-16T06:50:39","modified_gmt":"2025-04-16T06:50:39","slug":"iav-hauptgeschaeftsfuehrerin-jasmin-markhof-zum-koalitionsvertrag","status":"publish","type":"post","link":"https:\/\/iav-online.de\/en\/iav-hauptgeschaeftsfuehrerin-jasmin-markhof-zum-koalitionsvertrag\/","title":{"rendered":"IAV-Hauptgesch\u00e4ftsf\u00fchrerin Jasmin Markhof zum Koalitionsvertrag"},"content":{"rendered":"<p><strong>IAV-Hauptgesch\u00e4ftsf\u00fchrerin Jasmin Markhof zum Koalitionsvertrag:<br \/>\n<\/strong><strong>Nur durch schnelle und konsequente \u00c4nderungen der Rahmenbedingungen kann der Wirtschafts- und Industriestandort Deutschland wieder wettbewerbsf\u00e4hig werden<\/strong><\/p>\n<p>\u201eRichtig und wichtig ist zun\u00e4chst, dass sich die Parteien schnell auf einen Koalitionsvertrag verst\u00e4ndigt haben und damit politische Verantwortung in unsicheren Zeiten \u00fcbernehmen. Deutschland muss wieder handlungsf\u00e4hig werden.<\/p>\n<p>Mit Blick auf die angestrebte Wirtschaftswende enth\u00e4lt der Koalitionsvertrag Positives wie Negatives. Positiv zu bewerten sind die Senkung der Strompreise, die Aussetzung des Lieferkettensorgfaltspflichtengesetzes, der Abbau der B\u00fcrokratie und die Abschaffung einer t\u00e4glichen H\u00f6chstarbeitszeit mit Wechsel zur w\u00f6chentlichen H\u00f6chstarbeitszeit. Negativ zu bewerten sind unter anderem die mangelnde Strukturreform der Sozialversicherungssysteme sowie die politische Einmischung in Mindestlohn und Tariftreue.<\/p>\n<p>Die Koalitionspartner m\u00fcssen jetzt das Tempo aufrechterhalten: Nur durch schnelle und konsequente \u00c4nderungen der Rahmenbedingungen kann der Wirtschafts- und Industriestandort Deutschland wieder wettbewerbsf\u00e4hig werden.\u201c<\/p>\n<p><img loading=\"lazy\" decoding=\"async\" class=\"alignnone wp-image-23355 size-medium\" src=\"https:\/\/iav-online.de\/wp-content\/uploads\/2025\/04\/Anlage-zur-Presseinformation-82025-Foto-Jasmin-Markhof1-300x200.jpg\" alt=\"IAV-Hauptgesch\u00e4ftsf\u00fchrerin Jasmin Markhof zum Koalitionsvertrag\" width=\"300\" height=\"200\" srcset=\"https:\/\/iav-online.de\/wp-content\/uploads\/2025\/04\/Anlage-zur-Presseinformation-82025-Foto-Jasmin-Markhof1-300x200.jpg 300w, https:\/\/iav-online.de\/wp-content\/uploads\/2025\/04\/Anlage-zur-Presseinformation-82025-Foto-Jasmin-Markhof1-1024x683.jpg 1024w\" sizes=\"auto, (max-width: 300px) 100vw, 300px\" \/><\/p>\n<p><em>Jasmin Markhof, IAV-Hauptgesch\u00e4ftsf\u00fchrerin<\/em><\/p>\n","protected":false},"excerpt":{"rendered":"<p>Nur durch schnelle und konsequente \u00c4nderungen der Rahmenbedingungen kann der Wirtschafts- und Industriestandort Deutschland wieder wettbewerbsf\u00e4hig werden.<\/p>\n","protected":false},"author":4,"featured_media":0,"comment_status":"closed","ping_status":"closed","sticky":false,"template":"","format":"standard","meta":{"footnotes":""},"categories":[1],"tags":[],"class_list":["post-23358","post","type-post","status-publish","format-standard","hentry","category-unkategorisiert"],"_links":{"self":[{"href":"https:\/\/iav-online.de\/en\/wp-json\/wp\/v2\/posts\/23358","targetHints":{"allow":["GET"]}}],"collection":[{"href":"https:\/\/iav-online.de\/en\/wp-json\/wp\/v2\/posts"}],"about":[{"href":"https:\/\/iav-online.de\/en\/wp-json\/wp\/v2\/types\/post"}],"author":[{"embeddable":true,"href":"https:\/\/iav-online.de\/en\/wp-json\/wp\/v2\/users\/4"}],"replies":[{"embeddable":true,"href":"https:\/\/iav-online.de\/en\/wp-json\/wp\/v2\/comments?post=23358"}],"version-history":[{"count":1,"href":"https:\/\/iav-online.de\/en\/wp-json\/wp\/v2\/posts\/23358\/revisions"}],"predecessor-version":[{"id":23359,"href":"https:\/\/iav-online.de\/en\/wp-json\/wp\/v2\/posts\/23358\/revisions\/23359"}],"wp:attachment":[{"href":"https:\/\/iav-online.de\/en\/wp-json\/wp\/v2\/media?parent=23358"}],"wp:term":[{"taxonomy":"category","embeddable":true,"href":"https:\/\/iav-online.de\/en\/wp-json\/wp\/v2\/categories?post=23358"},{"taxonomy":"post_tag","embeddable":true,"href":"https:\/\/iav-online.de\/en\/wp-json\/wp\/v2\/tags?post=23358"}],"curies":[{"name":"wp","href":"https:\/\/api.w.org\/{rel}","templated":true}]}}